{"id":3113,"date":"2023-07-05T09:24:00","date_gmt":"2023-07-05T07:24:00","guid":{"rendered":"https:\/\/montmartreenchansons.com\/?p=3113"},"modified":"2025-09-09T16:40:10","modified_gmt":"2025-09-09T14:40:10","slug":"le-portrait-dans-telerama-sortir","status":"publish","type":"post","link":"http:\/\/www.montmartreenchansons.com\/en\/le-portrait-dans-telerama-sortir\/","title":{"rendered":"The Portrait in T\u00e9l\u00e9rama Sortir"},"content":{"rendered":"<p>par&nbsp;<strong>Thierry Voisin<\/strong>&nbsp;dans le T\u00e9l\u00e9rama et sur <a href=\"https:\/\/www.telerama.fr\/sortir\/\">www.telerama.fr\/sortir\/<\/a><\/p>\n\n\n\n<div class=\"wp-block-buttons is-horizontal is-content-justification-center is-layout-flex wp-container-core-buttons-is-layout-499968f5 wp-block-buttons-is-layout-flex\">\n<div class=\"wp-block-button is-style-fill\"><a class=\"wp-block-button__link has-medium-font-size has-custom-font-size wp-element-button\" href=\"https:\/\/www.telerama.fr\/sortir\/montmartre-en-chansons-7026820.php\" style=\"border-radius:0px\">Voir l&rsquo;article en ligne<\/a><\/div>\n<\/div>\n\n\n<div class=\"wp-block-image\">\n<figure class=\"aligncenter size-large is-resized\"><img data-recalc-dims=\"1\" fetchpriority=\"high\" decoding=\"async\" width=\"740\" height=\"925\" data-attachment-id=\"3520\" data-permalink=\"http:\/\/www.montmartreenchansons.com\/en\/portrait-de-anne-sophie-guerrier\/\" data-orig-file=\"https:\/\/i0.wp.com\/www.montmartreenchansons.com\/wp-content\/uploads\/2023\/08\/portrait-de-anne-sophie-guerrier-17-scaled.jpg?fit=2048%2C2560\" data-orig-size=\"2048,2560\" data-comments-opened=\"1\" data-image-meta=\"{&quot;aperture&quot;:&quot;3.4&quot;,&quot;credit&quot;:&quot;VU&#039; pour T\\u00e9l\\u00e9rama&quot;,&quot;camera&quot;:&quot;LEICA SL2-S&quot;,&quot;caption&quot;:&quot;Paris, le 25 juin 2023 \/ Mon nom est personne \/ Portrait de Anne-Sophie Guerrier, chanteuse de Montmartre.&quot;,&quot;created_timestamp&quot;:&quot;1687651200&quot;,&quot;copyright&quot;:&quot;Cyril ZANNETTACCI&quot;,&quot;focal_length&quot;:&quot;35&quot;,&quot;iso&quot;:&quot;400&quot;,&quot;shutter_speed&quot;:&quot;0.00125&quot;,&quot;title&quot;:&quot;Portrait de Anne-Sophie Guerrier&quot;,&quot;orientation&quot;:&quot;1&quot;}\" data-image-title=\"Portrait de Anne-Sophie Guerrier\" data-image-description=\"\" data-image-caption=\"&lt;p&gt;Paris, le 25 juin 2023 \/ Mon nom est personne \/ Portrait de Anne-Sophie Guerrier, chanteuse de Montmartre.&lt;\/p&gt;\" data-medium-file=\"https:\/\/i0.wp.com\/www.montmartreenchansons.com\/wp-content\/uploads\/2023\/08\/portrait-de-anne-sophie-guerrier-17-scaled.jpg?fit=240%2C300\" data-large-file=\"https:\/\/i0.wp.com\/www.montmartreenchansons.com\/wp-content\/uploads\/2023\/08\/portrait-de-anne-sophie-guerrier-17-scaled.jpg?fit=740%2C925\" src=\"https:\/\/i0.wp.com\/www.montmartreenchansons.com\/wp-content\/uploads\/2023\/08\/portrait-de-anne-sophie-guerrier-17.jpg?resize=740%2C925\" alt=\"\" class=\"wp-image-3520\" style=\"width:418px;height:522px\" srcset=\"https:\/\/i0.wp.com\/www.montmartreenchansons.com\/wp-content\/uploads\/2023\/08\/portrait-de-anne-sophie-guerrier-17-scaled.jpg?resize=819%2C1024 819w, https:\/\/i0.wp.com\/www.montmartreenchansons.com\/wp-content\/uploads\/2023\/08\/portrait-de-anne-sophie-guerrier-17-scaled.jpg?resize=600%2C750 600w, https:\/\/i0.wp.com\/www.montmartreenchansons.com\/wp-content\/uploads\/2023\/08\/portrait-de-anne-sophie-guerrier-17-scaled.jpg?resize=240%2C300 240w, https:\/\/i0.wp.com\/www.montmartreenchansons.com\/wp-content\/uploads\/2023\/08\/portrait-de-anne-sophie-guerrier-17-scaled.jpg?resize=768%2C960 768w, https:\/\/i0.wp.com\/www.montmartreenchansons.com\/wp-content\/uploads\/2023\/08\/portrait-de-anne-sophie-guerrier-17-scaled.jpg?resize=1229%2C1536 1229w, https:\/\/i0.wp.com\/www.montmartreenchansons.com\/wp-content\/uploads\/2023\/08\/portrait-de-anne-sophie-guerrier-17-scaled.jpg?resize=1639%2C2048 1639w, https:\/\/i0.wp.com\/www.montmartreenchansons.com\/wp-content\/uploads\/2023\/08\/portrait-de-anne-sophie-guerrier-17-scaled.jpg?w=2048 2048w, https:\/\/i0.wp.com\/www.montmartreenchansons.com\/wp-content\/uploads\/2023\/08\/portrait-de-anne-sophie-guerrier-17-scaled.jpg?w=1480 1480w\" sizes=\"(max-width: 740px) 100vw, 740px\" \/><figcaption class=\"wp-element-caption\">Paris, le 25 juin 2023 \/ Mon nom est personne \/ Portrait de Anne-Sophie Guerrier, chanteuse de Montmartre.<\/figcaption><\/figure>\n<\/div>\n\n\n<p>\u00ab\u00a0<em>Sous le ciel de Paris \/ S&rsquo;envole une chanson&#8230;<\/em>\u00ab\u00a0<\/p>\n\n\n\n<p>Thierry Voisin \u00e9voque Anne-Sophie Guerrier, la Butte chantonne chaque week-end de l&rsquo;\u00e9t\u00e9. <\/p>\n\n\n\n<div style=\"height:6px\" aria-hidden=\"true\" class=\"wp-block-spacer\"><\/div>","protected":false},"excerpt":{"rendered":"<p>\u201cUnder the sky of Paris \/ A song flies away\u2026\u201d<br \/>\nChaque week-end d\u2019\u00e9t\u00e9, Montmartre r\u00e9sonne de chants gr\u00e2ce \u00e0 Anne-Sophie Guerrier. Apr\u00e8s avoir pr\u00eat\u00e9 sa voix aux couloirs du m\u00e9tro, aux terrasses de caf\u00e9s parisiens et m\u00eame depuis sa fen\u00eatre rue des Abbesses, elle fait d\u00e9sormais vibrer les rues de la Butte. En entra\u00eenant une vingtaine de curieux, elle propose une red\u00e9couverte musicale et vivante de ce quartier embl\u00e9matique et de ses lieux charg\u00e9s d\u2019histoire.<\/p>","protected":false},"author":2,"featured_media":3520,"comment_status":"open","ping_status":"closed","sticky":false,"template":"","format":"standard","meta":{"_uf_show_specific_survey":0,"_uf_disable_surveys":false,"jetpack_post_was_ever_published":false,"_jetpack_newsletter_access":"","_jetpack_dont_email_post_to_subs":false,"_jetpack_newsletter_tier_id":0,"_jetpack_memberships_contains_paywalled_content":false,"_jetpack_memberships_contains_paid_content":false,"footnotes":""},"categories":[18,20],"tags":[],"class_list":["post-3113","post","type-post","status-publish","format-standard","has-post-thumbnail","hentry","category-presse-papier","category-site-internet"],"yoast_head":"<!-- This site is optimized with the Yoast SEO plugin v27.2 - https:\/\/yoast.com\/product\/yoast-seo-wordpress\/ -->\n<title>Le Portrait dans T\u00e9l\u00e9rama Sortir - Montmartre en chansons<\/title>\n<meta name=\"robots\" content=\"index, follow, max-snippet:-1, max-image-preview:large, max-video-preview:-1\" \/>\n<link rel=\"canonical\" href=\"http:\/\/www.montmartreenchansons.com\/en\/le-portrait-dans-telerama-sortir\/\" \/>\n<meta property=\"og:locale\" content=\"en_US\" \/>\n<meta property=\"og:type\" content=\"article\" \/>\n<meta property=\"og:title\" content=\"Le Portrait dans T\u00e9l\u00e9rama Sortir - Montmartre en chansons\" \/>\n<meta property=\"og:description\" content=\"&quot;Sous le ciel de Paris \/ S&#039;envole une chanson...&quot; Chaque week-end d\u2019\u00e9t\u00e9, Montmartre r\u00e9sonne de chants gr\u00e2ce \u00e0 Anne-Sophie Guerrier. Apr\u00e8s avoir pr\u00eat\u00e9 sa voix aux couloirs du m\u00e9tro, aux terrasses de caf\u00e9s parisiens et m\u00eame depuis sa fen\u00eatre rue des Abbesses, elle fait d\u00e9sormais vibrer les rues de la Butte. En entra\u00eenant une vingtaine de curieux, elle propose une red\u00e9couverte musicale et vivante de ce quartier embl\u00e9matique et de ses lieux charg\u00e9s d\u2019histoire.\" \/>\n<meta property=\"og:url\" content=\"http:\/\/www.montmartreenchansons.com\/en\/le-portrait-dans-telerama-sortir\/\" \/>\n<meta property=\"og:site_name\" content=\"Montmartre en chansons\" \/>\n<meta property=\"article:publisher\" content=\"https:\/\/www.facebook.com\/annesophieguerrier\" \/>\n<meta property=\"article:published_time\" content=\"2023-07-05T07:24:00+00:00\" \/>\n<meta property=\"article:modified_time\" content=\"2025-09-09T14:40:10+00:00\" \/>\n<meta property=\"og:image\" content=\"https:\/\/i0.wp.com\/www.montmartreenchansons.com\/wp-content\/uploads\/2023\/08\/portrait-de-anne-sophie-guerrier-17-scaled.jpg?fit=2048%2C2560\" \/>\n\t<meta property=\"og:image:width\" content=\"2048\" \/>\n\t<meta property=\"og:image:height\" content=\"2560\" \/>\n\t<meta property=\"og:image:type\" content=\"image\/jpeg\" \/>\n<meta name=\"author\" content=\"annesophie.guerrier\" \/>\n<meta name=\"twitter:card\" content=\"summary_large_image\" \/>\n<meta name=\"twitter:creator\" content=\"@annesophieguerr\" \/>\n<meta name=\"twitter:site\" content=\"@annesophieguerr\" \/>\n<meta name=\"twitter:label1\" content=\"Written by\" \/>\n\t<meta name=\"twitter:data1\" content=\"annesophie.guerrier\" \/>\n\t<meta name=\"twitter:label2\" content=\"Est. reading time\" \/>\n\t<meta name=\"twitter:data2\" content=\"1 minute\" \/>\n<script type=\"application\/ld+json\" class=\"yoast-schema-graph\">{\"@context\":\"https:\/\/schema.org\",\"@graph\":[{\"@type\":\"Article\",\"@id\":\"http:\/\/www.montmartreenchansons.com\/le-portrait-dans-telerama-sortir\/#article\",\"isPartOf\":{\"@id\":\"http:\/\/www.montmartreenchansons.com\/le-portrait-dans-telerama-sortir\/\"},\"author\":{\"name\":\"annesophie.guerrier\",\"@id\":\"https:\/\/www.montmartreenchansons.com\/#\/schema\/person\/f53fab4bcbc3987e73dbe76ea5062e2b\"},\"headline\":\"Le Portrait dans T\u00e9l\u00e9rama Sortir\",\"datePublished\":\"2023-07-05T07:24:00+00:00\",\"dateModified\":\"2025-09-09T14:40:10+00:00\",\"mainEntityOfPage\":{\"@id\":\"http:\/\/www.montmartreenchansons.com\/le-portrait-dans-telerama-sortir\/\"},\"wordCount\":64,\"commentCount\":0,\"publisher\":{\"@id\":\"https:\/\/www.montmartreenchansons.com\/#organization\"},\"image\":{\"@id\":\"http:\/\/www.montmartreenchansons.com\/le-portrait-dans-telerama-sortir\/#primaryimage\"},\"thumbnailUrl\":\"https:\/\/i0.wp.com\/www.montmartreenchansons.com\/wp-content\/uploads\/2023\/08\/portrait-de-anne-sophie-guerrier-17-scaled.jpg?fit=2048%2C2560\",\"articleSection\":[\"Presse papier\",\"Site internet\"],\"inLanguage\":\"en-US\",\"potentialAction\":[{\"@type\":\"CommentAction\",\"name\":\"Comment\",\"target\":[\"http:\/\/www.montmartreenchansons.com\/le-portrait-dans-telerama-sortir\/#respond\"]}]},{\"@type\":\"WebPage\",\"@id\":\"http:\/\/www.montmartreenchansons.com\/le-portrait-dans-telerama-sortir\/\",\"url\":\"http:\/\/www.montmartreenchansons.com\/le-portrait-dans-telerama-sortir\/\",\"name\":\"Le Portrait dans T\u00e9l\u00e9rama Sortir - Montmartre en chansons\",\"isPartOf\":{\"@id\":\"https:\/\/www.montmartreenchansons.com\/#website\"},\"primaryImageOfPage\":{\"@id\":\"http:\/\/www.montmartreenchansons.com\/le-portrait-dans-telerama-sortir\/#primaryimage\"},\"image\":{\"@id\":\"http:\/\/www.montmartreenchansons.com\/le-portrait-dans-telerama-sortir\/#primaryimage\"},\"thumbnailUrl\":\"https:\/\/i0.wp.com\/www.montmartreenchansons.com\/wp-content\/uploads\/2023\/08\/portrait-de-anne-sophie-guerrier-17-scaled.jpg?fit=2048%2C2560\",\"datePublished\":\"2023-07-05T07:24:00+00:00\",\"dateModified\":\"2025-09-09T14:40:10+00:00\",\"breadcrumb\":{\"@id\":\"http:\/\/www.montmartreenchansons.com\/le-portrait-dans-telerama-sortir\/#breadcrumb\"},\"inLanguage\":\"en-US\",\"potentialAction\":[{\"@type\":\"ReadAction\",\"target\":[\"http:\/\/www.montmartreenchansons.com\/le-portrait-dans-telerama-sortir\/\"]}]},{\"@type\":\"ImageObject\",\"inLanguage\":\"en-US\",\"@id\":\"http:\/\/www.montmartreenchansons.com\/le-portrait-dans-telerama-sortir\/#primaryimage\",\"url\":\"https:\/\/i0.wp.com\/www.montmartreenchansons.com\/wp-content\/uploads\/2023\/08\/portrait-de-anne-sophie-guerrier-17-scaled.jpg?fit=2048%2C2560\",\"contentUrl\":\"https:\/\/i0.wp.com\/www.montmartreenchansons.com\/wp-content\/uploads\/2023\/08\/portrait-de-anne-sophie-guerrier-17-scaled.jpg?fit=2048%2C2560\",\"width\":2048,\"height\":2560,\"caption\":\"Paris, le 25 juin 2023 \/ Mon nom est personne \/ Portrait de Anne-Sophie Guerrier, chanteuse de Montmartre.\"},{\"@type\":\"BreadcrumbList\",\"@id\":\"http:\/\/www.montmartreenchansons.com\/le-portrait-dans-telerama-sortir\/#breadcrumb\",\"itemListElement\":[{\"@type\":\"ListItem\",\"position\":1,\"name\":\"Accueil\",\"item\":\"https:\/\/www.montmartreenchansons.com\/\"},{\"@type\":\"ListItem\",\"position\":2,\"name\":\"Le Portrait dans T\u00e9l\u00e9rama Sortir\"}]},{\"@type\":\"WebSite\",\"@id\":\"https:\/\/www.montmartreenchansons.com\/#website\",\"url\":\"https:\/\/www.montmartreenchansons.com\/\",\"name\":\"Montmartre en chansons\",\"description\":\"Visite en chansons de Montmartre - Balade insolite \u00e0 Paris - Chanson Fran\u00e7aise\",\"publisher\":{\"@id\":\"https:\/\/www.montmartreenchansons.com\/#organization\"},\"potentialAction\":[{\"@type\":\"SearchAction\",\"target\":{\"@type\":\"EntryPoint\",\"urlTemplate\":\"https:\/\/www.montmartreenchansons.com\/?s={search_term_string}\"},\"query-input\":{\"@type\":\"PropertyValueSpecification\",\"valueRequired\":true,\"valueName\":\"search_term_string\"}}],\"inLanguage\":\"en-US\"},{\"@type\":\"Organization\",\"@id\":\"https:\/\/www.montmartreenchansons.com\/#organization\",\"name\":\"Montmartre en chansons\",\"url\":\"https:\/\/www.montmartreenchansons.com\/\",\"logo\":{\"@type\":\"ImageObject\",\"inLanguage\":\"en-US\",\"@id\":\"https:\/\/www.montmartreenchansons.com\/#\/schema\/logo\/image\/\",\"url\":\"https:\/\/i0.wp.com\/www.montmartreenchansons.com\/wp-content\/uploads\/2024\/04\/LOGO-Original.png?fit=3508%2C2481\",\"contentUrl\":\"https:\/\/i0.wp.com\/www.montmartreenchansons.com\/wp-content\/uploads\/2024\/04\/LOGO-Original.png?fit=3508%2C2481\",\"width\":3508,\"height\":2481,\"caption\":\"Montmartre en chansons\"},\"image\":{\"@id\":\"https:\/\/www.montmartreenchansons.com\/#\/schema\/logo\/image\/\"},\"sameAs\":[\"https:\/\/www.facebook.com\/annesophieguerrier\",\"https:\/\/x.com\/annesophieguerr\",\"https:\/\/www.instagram.com\/annesophie.guerrier\/\",\"https:\/\/www.linkedin.com\/company\/montmartre-en-chansons\/\",\"https:\/\/www.youtube.com\/channel\/UCxMMJHivfivGxLZpqAg5gRA\/\",\"https:\/\/vm.tiktok.com\/ZML8Xej7u\/\"]},{\"@type\":\"Person\",\"@id\":\"https:\/\/www.montmartreenchansons.com\/#\/schema\/person\/f53fab4bcbc3987e73dbe76ea5062e2b\",\"name\":\"annesophie.guerrier\",\"image\":{\"@type\":\"ImageObject\",\"inLanguage\":\"en-US\",\"@id\":\"https:\/\/secure.gravatar.com\/avatar\/c9824dc3200d77ea8d39314edbb65c218a45d062aee02531af77b36104fce570?s=96&d=mm&r=g\",\"url\":\"https:\/\/secure.gravatar.com\/avatar\/c9824dc3200d77ea8d39314edbb65c218a45d062aee02531af77b36104fce570?s=96&d=mm&r=g\",\"contentUrl\":\"https:\/\/secure.gravatar.com\/avatar\/c9824dc3200d77ea8d39314edbb65c218a45d062aee02531af77b36104fce570?s=96&d=mm&r=g\",\"caption\":\"annesophie.guerrier\"},\"url\":\"http:\/\/www.montmartreenchansons.com\/en\/author\/annesophieofficiel\/\"}]}<\/script>\n<!-- \/ Yoast SEO plugin. -->","yoast_head_json":{"title":"Le Portrait dans T\u00e9l\u00e9rama Sortir - Montmartre en chansons","robots":{"index":"index","follow":"follow","max-snippet":"max-snippet:-1","max-image-preview":"max-image-preview:large","max-video-preview":"max-video-preview:-1"},"canonical":"http:\/\/www.montmartreenchansons.com\/en\/le-portrait-dans-telerama-sortir\/","og_locale":"en_US","og_type":"article","og_title":"Le Portrait dans T\u00e9l\u00e9rama Sortir - Montmartre en chansons","og_description":"\"Sous le ciel de Paris \/ S'envole une chanson...\" Chaque week-end d\u2019\u00e9t\u00e9, Montmartre r\u00e9sonne de chants gr\u00e2ce \u00e0 Anne-Sophie Guerrier. Apr\u00e8s avoir pr\u00eat\u00e9 sa voix aux couloirs du m\u00e9tro, aux terrasses de caf\u00e9s parisiens et m\u00eame depuis sa fen\u00eatre rue des Abbesses, elle fait d\u00e9sormais vibrer les rues de la Butte. En entra\u00eenant une vingtaine de curieux, elle propose une red\u00e9couverte musicale et vivante de ce quartier embl\u00e9matique et de ses lieux charg\u00e9s d\u2019histoire.","og_url":"http:\/\/www.montmartreenchansons.com\/en\/le-portrait-dans-telerama-sortir\/","og_site_name":"Montmartre en chansons","article_publisher":"https:\/\/www.facebook.com\/annesophieguerrier","article_published_time":"2023-07-05T07:24:00+00:00","article_modified_time":"2025-09-09T14:40:10+00:00","og_image":[{"width":2048,"height":2560,"url":"https:\/\/i0.wp.com\/www.montmartreenchansons.com\/wp-content\/uploads\/2023\/08\/portrait-de-anne-sophie-guerrier-17-scaled.jpg?fit=2048%2C2560","type":"image\/jpeg"}],"author":"annesophie.guerrier","twitter_card":"summary_large_image","twitter_creator":"@annesophieguerr","twitter_site":"@annesophieguerr","twitter_misc":{"Written by":"annesophie.guerrier","Est. reading time":"1 minute"},"schema":{"@context":"https:\/\/schema.org","@graph":[{"@type":"Article","@id":"http:\/\/www.montmartreenchansons.com\/le-portrait-dans-telerama-sortir\/#article","isPartOf":{"@id":"http:\/\/www.montmartreenchansons.com\/le-portrait-dans-telerama-sortir\/"},"author":{"name":"annesophie.guerrier","@id":"https:\/\/www.montmartreenchansons.com\/#\/schema\/person\/f53fab4bcbc3987e73dbe76ea5062e2b"},"headline":"Le Portrait dans T\u00e9l\u00e9rama Sortir","datePublished":"2023-07-05T07:24:00+00:00","dateModified":"2025-09-09T14:40:10+00:00","mainEntityOfPage":{"@id":"http:\/\/www.montmartreenchansons.com\/le-portrait-dans-telerama-sortir\/"},"wordCount":64,"commentCount":0,"publisher":{"@id":"https:\/\/www.montmartreenchansons.com\/#organization"},"image":{"@id":"http:\/\/www.montmartreenchansons.com\/le-portrait-dans-telerama-sortir\/#primaryimage"},"thumbnailUrl":"https:\/\/i0.wp.com\/www.montmartreenchansons.com\/wp-content\/uploads\/2023\/08\/portrait-de-anne-sophie-guerrier-17-scaled.jpg?fit=2048%2C2560","articleSection":["Presse papier","Site internet"],"inLanguage":"en-US","potentialAction":[{"@type":"CommentAction","name":"Comment","target":["http:\/\/www.montmartreenchansons.com\/le-portrait-dans-telerama-sortir\/#respond"]}]},{"@type":"WebPage","@id":"http:\/\/www.montmartreenchansons.com\/le-portrait-dans-telerama-sortir\/","url":"http:\/\/www.montmartreenchansons.com\/le-portrait-dans-telerama-sortir\/","name":"Le Portrait dans T\u00e9l\u00e9rama Sortir - Montmartre en chansons","isPartOf":{"@id":"https:\/\/www.montmartreenchansons.com\/#website"},"primaryImageOfPage":{"@id":"http:\/\/www.montmartreenchansons.com\/le-portrait-dans-telerama-sortir\/#primaryimage"},"image":{"@id":"http:\/\/www.montmartreenchansons.com\/le-portrait-dans-telerama-sortir\/#primaryimage"},"thumbnailUrl":"https:\/\/i0.wp.com\/www.montmartreenchansons.com\/wp-content\/uploads\/2023\/08\/portrait-de-anne-sophie-guerrier-17-scaled.jpg?fit=2048%2C2560","datePublished":"2023-07-05T07:24:00+00:00","dateModified":"2025-09-09T14:40:10+00:00","breadcrumb":{"@id":"http:\/\/www.montmartreenchansons.com\/le-portrait-dans-telerama-sortir\/#breadcrumb"},"inLanguage":"en-US","potentialAction":[{"@type":"ReadAction","target":["http:\/\/www.montmartreenchansons.com\/le-portrait-dans-telerama-sortir\/"]}]},{"@type":"ImageObject","inLanguage":"en-US","@id":"http:\/\/www.montmartreenchansons.com\/le-portrait-dans-telerama-sortir\/#primaryimage","url":"https:\/\/i0.wp.com\/www.montmartreenchansons.com\/wp-content\/uploads\/2023\/08\/portrait-de-anne-sophie-guerrier-17-scaled.jpg?fit=2048%2C2560","contentUrl":"https:\/\/i0.wp.com\/www.montmartreenchansons.com\/wp-content\/uploads\/2023\/08\/portrait-de-anne-sophie-guerrier-17-scaled.jpg?fit=2048%2C2560","width":2048,"height":2560,"caption":"Paris, le 25 juin 2023 \/ Mon nom est personne \/ Portrait de Anne-Sophie Guerrier, chanteuse de Montmartre."},{"@type":"BreadcrumbList","@id":"http:\/\/www.montmartreenchansons.com\/le-portrait-dans-telerama-sortir\/#breadcrumb","itemListElement":[{"@type":"ListItem","position":1,"name":"Accueil","item":"https:\/\/www.montmartreenchansons.com\/"},{"@type":"ListItem","position":2,"name":"Le Portrait dans T\u00e9l\u00e9rama Sortir"}]},{"@type":"WebSite","@id":"https:\/\/www.montmartreenchansons.com\/#website","url":"https:\/\/www.montmartreenchansons.com\/","name":"Montmartre in songs","description":"Visite en chansons de Montmartre - Balade insolite \u00e0 Paris - Chanson Fran\u00e7aise","publisher":{"@id":"https:\/\/www.montmartreenchansons.com\/#organization"},"potentialAction":[{"@type":"SearchAction","target":{"@type":"EntryPoint","urlTemplate":"https:\/\/www.montmartreenchansons.com\/?s={search_term_string}"},"query-input":{"@type":"PropertyValueSpecification","valueRequired":true,"valueName":"search_term_string"}}],"inLanguage":"en-US"},{"@type":"Organization","@id":"https:\/\/www.montmartreenchansons.com\/#organization","name":"Montmartre in songs","url":"https:\/\/www.montmartreenchansons.com\/","logo":{"@type":"ImageObject","inLanguage":"en-US","@id":"https:\/\/www.montmartreenchansons.com\/#\/schema\/logo\/image\/","url":"https:\/\/i0.wp.com\/www.montmartreenchansons.com\/wp-content\/uploads\/2024\/04\/LOGO-Original.png?fit=3508%2C2481","contentUrl":"https:\/\/i0.wp.com\/www.montmartreenchansons.com\/wp-content\/uploads\/2024\/04\/LOGO-Original.png?fit=3508%2C2481","width":3508,"height":2481,"caption":"Montmartre en chansons"},"image":{"@id":"https:\/\/www.montmartreenchansons.com\/#\/schema\/logo\/image\/"},"sameAs":["https:\/\/www.facebook.com\/annesophieguerrier","https:\/\/x.com\/annesophieguerr","https:\/\/www.instagram.com\/annesophie.guerrier\/","https:\/\/www.linkedin.com\/company\/montmartre-en-chansons\/","https:\/\/www.youtube.com\/channel\/UCxMMJHivfivGxLZpqAg5gRA\/","https:\/\/vm.tiktok.com\/ZML8Xej7u\/"]},{"@type":"Person","@id":"https:\/\/www.montmartreenchansons.com\/#\/schema\/person\/f53fab4bcbc3987e73dbe76ea5062e2b","name":"annesophie.guerrier","image":{"@type":"ImageObject","inLanguage":"en-US","@id":"https:\/\/secure.gravatar.com\/avatar\/c9824dc3200d77ea8d39314edbb65c218a45d062aee02531af77b36104fce570?s=96&d=mm&r=g","url":"https:\/\/secure.gravatar.com\/avatar\/c9824dc3200d77ea8d39314edbb65c218a45d062aee02531af77b36104fce570?s=96&d=mm&r=g","contentUrl":"https:\/\/secure.gravatar.com\/avatar\/c9824dc3200d77ea8d39314edbb65c218a45d062aee02531af77b36104fce570?s=96&d=mm&r=g","caption":"annesophie.guerrier"},"url":"http:\/\/www.montmartreenchansons.com\/en\/author\/annesophieofficiel\/"}]}},"jetpack_featured_media_url":"https:\/\/i0.wp.com\/www.montmartreenchansons.com\/wp-content\/uploads\/2023\/08\/portrait-de-anne-sophie-guerrier-17-scaled.jpg?fit=2048%2C2560","jetpack_sharing_enabled":true,"_links":{"self":[{"href":"http:\/\/www.montmartreenchansons.com\/en\/wp-json\/wp\/v2\/posts\/3113","targetHints":{"allow":["GET"]}}],"collection":[{"href":"http:\/\/www.montmartreenchansons.com\/en\/wp-json\/wp\/v2\/posts"}],"about":[{"href":"http:\/\/www.montmartreenchansons.com\/en\/wp-json\/wp\/v2\/types\/post"}],"author":[{"embeddable":true,"href":"http:\/\/www.montmartreenchansons.com\/en\/wp-json\/wp\/v2\/users\/2"}],"replies":[{"embeddable":true,"href":"http:\/\/www.montmartreenchansons.com\/en\/wp-json\/wp\/v2\/comments?post=3113"}],"version-history":[{"count":5,"href":"http:\/\/www.montmartreenchansons.com\/en\/wp-json\/wp\/v2\/posts\/3113\/revisions"}],"predecessor-version":[{"id":7387,"href":"http:\/\/www.montmartreenchansons.com\/en\/wp-json\/wp\/v2\/posts\/3113\/revisions\/7387"}],"wp:featuredmedia":[{"embeddable":true,"href":"http:\/\/www.montmartreenchansons.com\/en\/wp-json\/wp\/v2\/media\/3520"}],"wp:attachment":[{"href":"http:\/\/www.montmartreenchansons.com\/en\/wp-json\/wp\/v2\/media?parent=3113"}],"wp:term":[{"taxonomy":"category","embeddable":true,"href":"http:\/\/www.montmartreenchansons.com\/en\/wp-json\/wp\/v2\/categories?post=3113"},{"taxonomy":"post_tag","embeddable":true,"href":"http:\/\/www.montmartreenchansons.com\/en\/wp-json\/wp\/v2\/tags?post=3113"}],"curies":[{"name":"wp","href":"https:\/\/api.w.org\/{rel}","templated":true}]}}