{"id":2123,"date":"2022-05-19T12:10:00","date_gmt":"2022-05-19T10:10:00","guid":{"rendered":"https:\/\/montmartreenchansons.com\/?p=2123"},"modified":"2025-09-09T16:46:13","modified_gmt":"2025-09-09T14:46:13","slug":"une-visite-chantee-de-montmartre-par-elle","status":"publish","type":"post","link":"https:\/\/www.montmartreenchansons.com\/en\/une-visite-chantee-de-montmartre-par-elle\/","title":{"rendered":"A singing tour of Montmartre by ELLE"},"content":{"rendered":"<p>par&nbsp;Sabine Roche dans le magazine mensuel ELLE dans les pages ELLE Paris<\/p>\n\n\n<div class=\"wp-block-image\">\n<figure class=\"aligncenter size-large is-resized\"><img data-recalc-dims=\"1\" fetchpriority=\"high\" decoding=\"async\" width=\"677\" height=\"1024\" data-attachment-id=\"3441\" data-permalink=\"https:\/\/www.montmartreenchansons.com\/en\/img_5061\/\" data-orig-file=\"https:\/\/i0.wp.com\/www.montmartreenchansons.com\/wp-content\/uploads\/2023\/08\/img_5061.jpg?fit=1000%2C1512&amp;ssl=1\" data-orig-size=\"1000,1512\" data-comments-opened=\"1\" data-image-meta=\"{&quot;aperture&quot;:&quot;0&quot;,&quot;credit&quot;:&quot;&quot;,&quot;camera&quot;:&quot;&quot;,&quot;caption&quot;:&quot;&quot;,&quot;created_timestamp&quot;:&quot;0&quot;,&quot;copyright&quot;:&quot;&quot;,&quot;focal_length&quot;:&quot;0&quot;,&quot;iso&quot;:&quot;0&quot;,&quot;shutter_speed&quot;:&quot;0&quot;,&quot;title&quot;:&quot;&quot;,&quot;orientation&quot;:&quot;0&quot;}\" data-image-title=\"img_5061\" data-image-description=\"\" data-image-caption=\"\" data-medium-file=\"https:\/\/i0.wp.com\/www.montmartreenchansons.com\/wp-content\/uploads\/2023\/08\/img_5061.jpg?fit=198%2C300&amp;ssl=1\" data-large-file=\"https:\/\/i0.wp.com\/www.montmartreenchansons.com\/wp-content\/uploads\/2023\/08\/img_5061.jpg?fit=677%2C1024&amp;ssl=1\" src=\"https:\/\/i0.wp.com\/www.montmartreenchansons.com\/wp-content\/uploads\/2023\/08\/img_5061.jpg?resize=677%2C1024\" alt=\"\" class=\"wp-image-3441\" style=\"width:339px;height:512px\" srcset=\"https:\/\/i0.wp.com\/www.montmartreenchansons.com\/wp-content\/uploads\/2023\/08\/img_5061.jpg?resize=677%2C1024&amp;ssl=1 677w, https:\/\/i0.wp.com\/www.montmartreenchansons.com\/wp-content\/uploads\/2023\/08\/img_5061.jpg?resize=198%2C300&amp;ssl=1 198w, https:\/\/i0.wp.com\/www.montmartreenchansons.com\/wp-content\/uploads\/2023\/08\/img_5061.jpg?resize=768%2C1161&amp;ssl=1 768w, https:\/\/i0.wp.com\/www.montmartreenchansons.com\/wp-content\/uploads\/2023\/08\/img_5061.jpg?w=1000&amp;ssl=1 1000w\" sizes=\"(max-width: 677px) 100vw, 677px\" \/><\/figure>\n<\/div>\n\n\n<h1 class=\"wp-block-heading\">PARIS F\u00caTE DES M\u00c8RES<\/h1>\n\n\n\n<h4 class=\"wp-block-heading\">13 id\u00e9es cadeaux vraiment pas banales<\/h4>\n\n\n\n<h3 class=\"wp-block-heading\">UNE VISITE CHANT\u00c9E DE MONTMARTRE<\/h3>\n\n\n\n<p>Sabine Roche propose un peu de po\u00e9sie \u00e0 sa maman avec une visite guid\u00e9e et chant\u00e9e de la butte.<\/p>\n\n\n\n<p>R\u00e9servations sur : <a href=\"https:\/\/www.montmartreenchansons.com\/en\/\">montmartreenchansons.com<\/a><\/p>","protected":false},"excerpt":{"rendered":"<p>Et si, cette ann\u00e9e, on troquait le traditionnel bouquet de fleurs pour un moment po\u00e9tique ? Pour c\u00e9l\u00e9brer les mamans, Anne-Sophie Guerrier propose une visite guid\u00e9e et chant\u00e9e de la Butte Montmartre, haut lieu d\u2019inspiration pour de nombreux artistes.<\/p>","protected":false},"author":2,"featured_media":3442,"comment_status":"open","ping_status":"closed","sticky":false,"template":"","format":"standard","meta":{"_uf_show_specific_survey":0,"_uf_disable_surveys":false,"jetpack_post_was_ever_published":false,"_jetpack_newsletter_access":"","_jetpack_dont_email_post_to_subs":false,"_jetpack_newsletter_tier_id":0,"_jetpack_memberships_contains_paywalled_content":false,"_jetpack_memberships_contains_paid_content":false,"footnotes":""},"categories":[18],"tags":[],"class_list":["post-2123","post","type-post","status-publish","format-standard","has-post-thumbnail","hentry","category-presse-papier"],"yoast_head":"<!-- This site is optimized with the Yoast SEO plugin v27.2 - https:\/\/yoast.com\/product\/yoast-seo-wordpress\/ -->\n<title>Une visite chant\u00e9e de Montmartre par ELLE - Montmartre en chansons<\/title>\n<meta name=\"robots\" content=\"index, follow, max-snippet:-1, max-image-preview:large, max-video-preview:-1\" \/>\n<link rel=\"canonical\" href=\"http:\/\/www.montmartreenchansons.com\/en\/une-visite-chantee-de-montmartre-par-elle\/\" \/>\n<meta property=\"og:locale\" content=\"en_US\" \/>\n<meta property=\"og:type\" content=\"article\" \/>\n<meta property=\"og:title\" content=\"Une visite chant\u00e9e de Montmartre par ELLE - Montmartre en chansons\" \/>\n<meta property=\"og:description\" content=\"Et si, cette ann\u00e9e, on troquait le traditionnel bouquet de fleurs pour un moment po\u00e9tique ? Pour c\u00e9l\u00e9brer les mamans, Anne-Sophie Guerrier propose une visite guid\u00e9e et chant\u00e9e de la Butte Montmartre, haut lieu d\u2019inspiration pour de nombreux artistes.\" \/>\n<meta property=\"og:url\" content=\"http:\/\/www.montmartreenchansons.com\/en\/une-visite-chantee-de-montmartre-par-elle\/\" \/>\n<meta property=\"og:site_name\" content=\"Montmartre en chansons\" \/>\n<meta property=\"article:publisher\" content=\"https:\/\/www.facebook.com\/annesophieguerrier\" \/>\n<meta property=\"article:published_time\" content=\"2022-05-19T10:10:00+00:00\" \/>\n<meta property=\"article:modified_time\" content=\"2025-09-09T14:46:13+00:00\" \/>\n<meta property=\"og:image\" content=\"https:\/\/i0.wp.com\/www.montmartreenchansons.com\/wp-content\/uploads\/2023\/08\/numecc81riser-4-scaled.jpg?fit=1967%2C2560\" \/>\n\t<meta property=\"og:image:width\" content=\"1967\" \/>\n\t<meta property=\"og:image:height\" content=\"2560\" \/>\n\t<meta property=\"og:image:type\" content=\"image\/jpeg\" \/>\n<meta name=\"author\" content=\"annesophie.guerrier\" \/>\n<meta name=\"twitter:card\" content=\"summary_large_image\" \/>\n<meta name=\"twitter:creator\" content=\"@annesophieguerr\" \/>\n<meta name=\"twitter:site\" content=\"@annesophieguerr\" \/>\n<meta name=\"twitter:label1\" content=\"Written by\" \/>\n\t<meta name=\"twitter:data1\" content=\"annesophie.guerrier\" \/>\n\t<meta name=\"twitter:label2\" content=\"Est. reading time\" \/>\n\t<meta name=\"twitter:data2\" content=\"1 minute\" \/>\n<script type=\"application\/ld+json\" class=\"yoast-schema-graph\">{\"@context\":\"https:\/\/schema.org\",\"@graph\":[{\"@type\":\"Article\",\"@id\":\"http:\/\/www.montmartreenchansons.com\/une-visite-chantee-de-montmartre-par-elle\/#article\",\"isPartOf\":{\"@id\":\"http:\/\/www.montmartreenchansons.com\/une-visite-chantee-de-montmartre-par-elle\/\"},\"author\":{\"name\":\"annesophie.guerrier\",\"@id\":\"https:\/\/www.montmartreenchansons.com\/#\/schema\/person\/f53fab4bcbc3987e73dbe76ea5062e2b\"},\"headline\":\"Une visite chant\u00e9e de Montmartre par ELLE\",\"datePublished\":\"2022-05-19T10:10:00+00:00\",\"dateModified\":\"2025-09-09T14:46:13+00:00\",\"mainEntityOfPage\":{\"@id\":\"http:\/\/www.montmartreenchansons.com\/une-visite-chantee-de-montmartre-par-elle\/\"},\"wordCount\":66,\"commentCount\":0,\"publisher\":{\"@id\":\"https:\/\/www.montmartreenchansons.com\/#organization\"},\"image\":{\"@id\":\"http:\/\/www.montmartreenchansons.com\/une-visite-chantee-de-montmartre-par-elle\/#primaryimage\"},\"thumbnailUrl\":\"https:\/\/i0.wp.com\/www.montmartreenchansons.com\/wp-content\/uploads\/2023\/08\/numecc81riser-4-scaled.jpg?fit=1967%2C2560&ssl=1\",\"articleSection\":[\"Presse papier\"],\"inLanguage\":\"en-US\",\"potentialAction\":[{\"@type\":\"CommentAction\",\"name\":\"Comment\",\"target\":[\"http:\/\/www.montmartreenchansons.com\/une-visite-chantee-de-montmartre-par-elle\/#respond\"]}]},{\"@type\":\"WebPage\",\"@id\":\"http:\/\/www.montmartreenchansons.com\/une-visite-chantee-de-montmartre-par-elle\/\",\"url\":\"http:\/\/www.montmartreenchansons.com\/une-visite-chantee-de-montmartre-par-elle\/\",\"name\":\"Une visite chant\u00e9e de Montmartre par ELLE - Montmartre en chansons\",\"isPartOf\":{\"@id\":\"https:\/\/www.montmartreenchansons.com\/#website\"},\"primaryImageOfPage\":{\"@id\":\"http:\/\/www.montmartreenchansons.com\/une-visite-chantee-de-montmartre-par-elle\/#primaryimage\"},\"image\":{\"@id\":\"http:\/\/www.montmartreenchansons.com\/une-visite-chantee-de-montmartre-par-elle\/#primaryimage\"},\"thumbnailUrl\":\"https:\/\/i0.wp.com\/www.montmartreenchansons.com\/wp-content\/uploads\/2023\/08\/numecc81riser-4-scaled.jpg?fit=1967%2C2560&ssl=1\",\"datePublished\":\"2022-05-19T10:10:00+00:00\",\"dateModified\":\"2025-09-09T14:46:13+00:00\",\"breadcrumb\":{\"@id\":\"http:\/\/www.montmartreenchansons.com\/une-visite-chantee-de-montmartre-par-elle\/#breadcrumb\"},\"inLanguage\":\"en-US\",\"potentialAction\":[{\"@type\":\"ReadAction\",\"target\":[\"http:\/\/www.montmartreenchansons.com\/une-visite-chantee-de-montmartre-par-elle\/\"]}]},{\"@type\":\"ImageObject\",\"inLanguage\":\"en-US\",\"@id\":\"http:\/\/www.montmartreenchansons.com\/une-visite-chantee-de-montmartre-par-elle\/#primaryimage\",\"url\":\"https:\/\/i0.wp.com\/www.montmartreenchansons.com\/wp-content\/uploads\/2023\/08\/numecc81riser-4-scaled.jpg?fit=1967%2C2560&ssl=1\",\"contentUrl\":\"https:\/\/i0.wp.com\/www.montmartreenchansons.com\/wp-content\/uploads\/2023\/08\/numecc81riser-4-scaled.jpg?fit=1967%2C2560&ssl=1\",\"width\":1967,\"height\":2560},{\"@type\":\"BreadcrumbList\",\"@id\":\"http:\/\/www.montmartreenchansons.com\/une-visite-chantee-de-montmartre-par-elle\/#breadcrumb\",\"itemListElement\":[{\"@type\":\"ListItem\",\"position\":1,\"name\":\"Accueil\",\"item\":\"https:\/\/www.montmartreenchansons.com\/\"},{\"@type\":\"ListItem\",\"position\":2,\"name\":\"Une visite chant\u00e9e de Montmartre par ELLE\"}]},{\"@type\":\"WebSite\",\"@id\":\"https:\/\/www.montmartreenchansons.com\/#website\",\"url\":\"https:\/\/www.montmartreenchansons.com\/\",\"name\":\"Montmartre en chansons\",\"description\":\"Visite en chansons de Montmartre - Balade insolite \u00e0 Paris - Chanson Fran\u00e7aise\",\"publisher\":{\"@id\":\"https:\/\/www.montmartreenchansons.com\/#organization\"},\"potentialAction\":[{\"@type\":\"SearchAction\",\"target\":{\"@type\":\"EntryPoint\",\"urlTemplate\":\"https:\/\/www.montmartreenchansons.com\/?s={search_term_string}\"},\"query-input\":{\"@type\":\"PropertyValueSpecification\",\"valueRequired\":true,\"valueName\":\"search_term_string\"}}],\"inLanguage\":\"en-US\"},{\"@type\":\"Organization\",\"@id\":\"https:\/\/www.montmartreenchansons.com\/#organization\",\"name\":\"Montmartre en chansons\",\"url\":\"https:\/\/www.montmartreenchansons.com\/\",\"logo\":{\"@type\":\"ImageObject\",\"inLanguage\":\"en-US\",\"@id\":\"https:\/\/www.montmartreenchansons.com\/#\/schema\/logo\/image\/\",\"url\":\"https:\/\/i0.wp.com\/www.montmartreenchansons.com\/wp-content\/uploads\/2024\/04\/LOGO-Original.png?fit=3508%2C2481&ssl=1\",\"contentUrl\":\"https:\/\/i0.wp.com\/www.montmartreenchansons.com\/wp-content\/uploads\/2024\/04\/LOGO-Original.png?fit=3508%2C2481&ssl=1\",\"width\":3508,\"height\":2481,\"caption\":\"Montmartre en chansons\"},\"image\":{\"@id\":\"https:\/\/www.montmartreenchansons.com\/#\/schema\/logo\/image\/\"},\"sameAs\":[\"https:\/\/www.facebook.com\/annesophieguerrier\",\"https:\/\/x.com\/annesophieguerr\",\"https:\/\/www.instagram.com\/annesophie.guerrier\/\",\"https:\/\/www.linkedin.com\/company\/montmartre-en-chansons\/\",\"https:\/\/www.youtube.com\/channel\/UCxMMJHivfivGxLZpqAg5gRA\/\",\"https:\/\/vm.tiktok.com\/ZML8Xej7u\/\"]},{\"@type\":\"Person\",\"@id\":\"https:\/\/www.montmartreenchansons.com\/#\/schema\/person\/f53fab4bcbc3987e73dbe76ea5062e2b\",\"name\":\"annesophie.guerrier\",\"image\":{\"@type\":\"ImageObject\",\"inLanguage\":\"en-US\",\"@id\":\"https:\/\/secure.gravatar.com\/avatar\/c9824dc3200d77ea8d39314edbb65c218a45d062aee02531af77b36104fce570?s=96&d=mm&r=g\",\"url\":\"https:\/\/secure.gravatar.com\/avatar\/c9824dc3200d77ea8d39314edbb65c218a45d062aee02531af77b36104fce570?s=96&d=mm&r=g\",\"contentUrl\":\"https:\/\/secure.gravatar.com\/avatar\/c9824dc3200d77ea8d39314edbb65c218a45d062aee02531af77b36104fce570?s=96&d=mm&r=g\",\"caption\":\"annesophie.guerrier\"},\"url\":\"https:\/\/www.montmartreenchansons.com\/en\/author\/annesophieofficiel\/\"}]}<\/script>\n<!-- \/ Yoast SEO plugin. -->","yoast_head_json":{"title":"Une visite chant\u00e9e de Montmartre par ELLE - Montmartre en chansons","robots":{"index":"index","follow":"follow","max-snippet":"max-snippet:-1","max-image-preview":"max-image-preview:large","max-video-preview":"max-video-preview:-1"},"canonical":"http:\/\/www.montmartreenchansons.com\/en\/une-visite-chantee-de-montmartre-par-elle\/","og_locale":"en_US","og_type":"article","og_title":"Une visite chant\u00e9e de Montmartre par ELLE - Montmartre en chansons","og_description":"Et si, cette ann\u00e9e, on troquait le traditionnel bouquet de fleurs pour un moment po\u00e9tique ? Pour c\u00e9l\u00e9brer les mamans, Anne-Sophie Guerrier propose une visite guid\u00e9e et chant\u00e9e de la Butte Montmartre, haut lieu d\u2019inspiration pour de nombreux artistes.","og_url":"http:\/\/www.montmartreenchansons.com\/en\/une-visite-chantee-de-montmartre-par-elle\/","og_site_name":"Montmartre en chansons","article_publisher":"https:\/\/www.facebook.com\/annesophieguerrier","article_published_time":"2022-05-19T10:10:00+00:00","article_modified_time":"2025-09-09T14:46:13+00:00","og_image":[{"width":1967,"height":2560,"url":"https:\/\/i0.wp.com\/www.montmartreenchansons.com\/wp-content\/uploads\/2023\/08\/numecc81riser-4-scaled.jpg?fit=1967%2C2560","type":"image\/jpeg"}],"author":"annesophie.guerrier","twitter_card":"summary_large_image","twitter_creator":"@annesophieguerr","twitter_site":"@annesophieguerr","twitter_misc":{"Written by":"annesophie.guerrier","Est. reading time":"1 minute"},"schema":{"@context":"https:\/\/schema.org","@graph":[{"@type":"Article","@id":"http:\/\/www.montmartreenchansons.com\/une-visite-chantee-de-montmartre-par-elle\/#article","isPartOf":{"@id":"http:\/\/www.montmartreenchansons.com\/une-visite-chantee-de-montmartre-par-elle\/"},"author":{"name":"annesophie.guerrier","@id":"https:\/\/www.montmartreenchansons.com\/#\/schema\/person\/f53fab4bcbc3987e73dbe76ea5062e2b"},"headline":"Une visite chant\u00e9e de Montmartre par ELLE","datePublished":"2022-05-19T10:10:00+00:00","dateModified":"2025-09-09T14:46:13+00:00","mainEntityOfPage":{"@id":"http:\/\/www.montmartreenchansons.com\/une-visite-chantee-de-montmartre-par-elle\/"},"wordCount":66,"commentCount":0,"publisher":{"@id":"https:\/\/www.montmartreenchansons.com\/#organization"},"image":{"@id":"http:\/\/www.montmartreenchansons.com\/une-visite-chantee-de-montmartre-par-elle\/#primaryimage"},"thumbnailUrl":"https:\/\/i0.wp.com\/www.montmartreenchansons.com\/wp-content\/uploads\/2023\/08\/numecc81riser-4-scaled.jpg?fit=1967%2C2560&ssl=1","articleSection":["Presse papier"],"inLanguage":"en-US","potentialAction":[{"@type":"CommentAction","name":"Comment","target":["http:\/\/www.montmartreenchansons.com\/une-visite-chantee-de-montmartre-par-elle\/#respond"]}]},{"@type":"WebPage","@id":"http:\/\/www.montmartreenchansons.com\/une-visite-chantee-de-montmartre-par-elle\/","url":"http:\/\/www.montmartreenchansons.com\/une-visite-chantee-de-montmartre-par-elle\/","name":"Une visite chant\u00e9e de Montmartre par ELLE - Montmartre en chansons","isPartOf":{"@id":"https:\/\/www.montmartreenchansons.com\/#website"},"primaryImageOfPage":{"@id":"http:\/\/www.montmartreenchansons.com\/une-visite-chantee-de-montmartre-par-elle\/#primaryimage"},"image":{"@id":"http:\/\/www.montmartreenchansons.com\/une-visite-chantee-de-montmartre-par-elle\/#primaryimage"},"thumbnailUrl":"https:\/\/i0.wp.com\/www.montmartreenchansons.com\/wp-content\/uploads\/2023\/08\/numecc81riser-4-scaled.jpg?fit=1967%2C2560&ssl=1","datePublished":"2022-05-19T10:10:00+00:00","dateModified":"2025-09-09T14:46:13+00:00","breadcrumb":{"@id":"http:\/\/www.montmartreenchansons.com\/une-visite-chantee-de-montmartre-par-elle\/#breadcrumb"},"inLanguage":"en-US","potentialAction":[{"@type":"ReadAction","target":["http:\/\/www.montmartreenchansons.com\/une-visite-chantee-de-montmartre-par-elle\/"]}]},{"@type":"ImageObject","inLanguage":"en-US","@id":"http:\/\/www.montmartreenchansons.com\/une-visite-chantee-de-montmartre-par-elle\/#primaryimage","url":"https:\/\/i0.wp.com\/www.montmartreenchansons.com\/wp-content\/uploads\/2023\/08\/numecc81riser-4-scaled.jpg?fit=1967%2C2560&ssl=1","contentUrl":"https:\/\/i0.wp.com\/www.montmartreenchansons.com\/wp-content\/uploads\/2023\/08\/numecc81riser-4-scaled.jpg?fit=1967%2C2560&ssl=1","width":1967,"height":2560},{"@type":"BreadcrumbList","@id":"http:\/\/www.montmartreenchansons.com\/une-visite-chantee-de-montmartre-par-elle\/#breadcrumb","itemListElement":[{"@type":"ListItem","position":1,"name":"Accueil","item":"https:\/\/www.montmartreenchansons.com\/"},{"@type":"ListItem","position":2,"name":"Une visite chant\u00e9e de Montmartre par ELLE"}]},{"@type":"WebSite","@id":"https:\/\/www.montmartreenchansons.com\/#website","url":"https:\/\/www.montmartreenchansons.com\/","name":"Montmartre in songs","description":"Visite en chansons de Montmartre - Balade insolite \u00e0 Paris - Chanson Fran\u00e7aise","publisher":{"@id":"https:\/\/www.montmartreenchansons.com\/#organization"},"potentialAction":[{"@type":"SearchAction","target":{"@type":"EntryPoint","urlTemplate":"https:\/\/www.montmartreenchansons.com\/?s={search_term_string}"},"query-input":{"@type":"PropertyValueSpecification","valueRequired":true,"valueName":"search_term_string"}}],"inLanguage":"en-US"},{"@type":"Organization","@id":"https:\/\/www.montmartreenchansons.com\/#organization","name":"Montmartre in songs","url":"https:\/\/www.montmartreenchansons.com\/","logo":{"@type":"ImageObject","inLanguage":"en-US","@id":"https:\/\/www.montmartreenchansons.com\/#\/schema\/logo\/image\/","url":"https:\/\/i0.wp.com\/www.montmartreenchansons.com\/wp-content\/uploads\/2024\/04\/LOGO-Original.png?fit=3508%2C2481&ssl=1","contentUrl":"https:\/\/i0.wp.com\/www.montmartreenchansons.com\/wp-content\/uploads\/2024\/04\/LOGO-Original.png?fit=3508%2C2481&ssl=1","width":3508,"height":2481,"caption":"Montmartre en chansons"},"image":{"@id":"https:\/\/www.montmartreenchansons.com\/#\/schema\/logo\/image\/"},"sameAs":["https:\/\/www.facebook.com\/annesophieguerrier","https:\/\/x.com\/annesophieguerr","https:\/\/www.instagram.com\/annesophie.guerrier\/","https:\/\/www.linkedin.com\/company\/montmartre-en-chansons\/","https:\/\/www.youtube.com\/channel\/UCxMMJHivfivGxLZpqAg5gRA\/","https:\/\/vm.tiktok.com\/ZML8Xej7u\/"]},{"@type":"Person","@id":"https:\/\/www.montmartreenchansons.com\/#\/schema\/person\/f53fab4bcbc3987e73dbe76ea5062e2b","name":"annesophie.guerrier","image":{"@type":"ImageObject","inLanguage":"en-US","@id":"https:\/\/secure.gravatar.com\/avatar\/c9824dc3200d77ea8d39314edbb65c218a45d062aee02531af77b36104fce570?s=96&d=mm&r=g","url":"https:\/\/secure.gravatar.com\/avatar\/c9824dc3200d77ea8d39314edbb65c218a45d062aee02531af77b36104fce570?s=96&d=mm&r=g","contentUrl":"https:\/\/secure.gravatar.com\/avatar\/c9824dc3200d77ea8d39314edbb65c218a45d062aee02531af77b36104fce570?s=96&d=mm&r=g","caption":"annesophie.guerrier"},"url":"https:\/\/www.montmartreenchansons.com\/en\/author\/annesophieofficiel\/"}]}},"jetpack_featured_media_url":"https:\/\/i0.wp.com\/www.montmartreenchansons.com\/wp-content\/uploads\/2023\/08\/numecc81riser-4-scaled.jpg?fit=1967%2C2560&ssl=1","jetpack_sharing_enabled":true,"_links":{"self":[{"href":"https:\/\/www.montmartreenchansons.com\/en\/wp-json\/wp\/v2\/posts\/2123","targetHints":{"allow":["GET"]}}],"collection":[{"href":"https:\/\/www.montmartreenchansons.com\/en\/wp-json\/wp\/v2\/posts"}],"about":[{"href":"https:\/\/www.montmartreenchansons.com\/en\/wp-json\/wp\/v2\/types\/post"}],"author":[{"embeddable":true,"href":"https:\/\/www.montmartreenchansons.com\/en\/wp-json\/wp\/v2\/users\/2"}],"replies":[{"embeddable":true,"href":"https:\/\/www.montmartreenchansons.com\/en\/wp-json\/wp\/v2\/comments?post=2123"}],"version-history":[{"count":6,"href":"https:\/\/www.montmartreenchansons.com\/en\/wp-json\/wp\/v2\/posts\/2123\/revisions"}],"predecessor-version":[{"id":7393,"href":"https:\/\/www.montmartreenchansons.com\/en\/wp-json\/wp\/v2\/posts\/2123\/revisions\/7393"}],"wp:featuredmedia":[{"embeddable":true,"href":"https:\/\/www.montmartreenchansons.com\/en\/wp-json\/wp\/v2\/media\/3442"}],"wp:attachment":[{"href":"https:\/\/www.montmartreenchansons.com\/en\/wp-json\/wp\/v2\/media?parent=2123"}],"wp:term":[{"taxonomy":"category","embeddable":true,"href":"https:\/\/www.montmartreenchansons.com\/en\/wp-json\/wp\/v2\/categories?post=2123"},{"taxonomy":"post_tag","embeddable":true,"href":"https:\/\/www.montmartreenchansons.com\/en\/wp-json\/wp\/v2\/tags?post=2123"}],"curies":[{"name":"wp","href":"https:\/\/api.w.org\/{rel}","templated":true}]}}